{"id":12867,"date":"2023-10-31T21:32:47","date_gmt":"2023-11-01T00:32:47","guid":{"rendered":"https:\/\/seniorsbrasil.com.br\/etapa2025\/portoalegre\/?p=12867"},"modified":"2023-10-31T21:40:20","modified_gmt":"2023-11-01T00:40:20","slug":"ouro-no-pan-americano-de-99-gaucho-paulo-taicher-estreia-com-vitoria-no-37o-seniors-internacional-de-tenis-de-porto-alegre","status":"publish","type":"post","link":"https:\/\/seniorsbrasil.com.br\/etapa2025\/portoalegre\/2023\/10\/31\/ouro-no-pan-americano-de-99-gaucho-paulo-taicher-estreia-com-vitoria-no-37o-seniors-internacional-de-tenis-de-porto-alegre\/","title":{"rendered":"Ouro no Pan-Americano de 99, ga\u00facho Paulo Taicher estreia com vit\u00f3ria no 37\u00ba Seniors Internacional de T\u00eanis de Porto Alegre"},"content":{"rendered":"<p style=\"text-align: justify;\"><strong>Porto Alegre\/RS.<\/strong> Medalha de Ouro nas duplas e Bronze nas simples nos <strong>Jogos Pan-Americanos de 1999<\/strong> em Winnipeg, no Canad\u00e1, o ga\u00facho de Novo Hamburgo, Paulo Taicher, fez, nesta ter\u00e7a-feira, sua estreia no circuito mundial Masters da Federa\u00e7\u00e3o Internacional de T\u00eanis.<\/p>\n<p style=\"text-align: justify;\">Ele venceu a primeira partida na categoria 45 anos do 37\u00ba Seniors Internacional de T\u00eanis de Porto Alegre &#8211; Copa Yone Borba Dias. O evento tem o financiamento do Pr\u00f3 Esporte Lei de Incentivo e Fundo do Governo do Estado do Rio Grande do Sul &#8211; Secretaria do Esporte e Lazer.<\/p>\n<figure id=\"attachment_12869\" aria-describedby=\"caption-attachment-12869\" style=\"width: 350px\" class=\"wp-caption alignright\"><img fetchpriority=\"high\" decoding=\"async\" class=\"wp-image-12869 size-jnews-350x250\" src=\"https:\/\/seniorsbrasil.com.br\/etapa2025\/portoalegre\/wp-content\/uploads\/sites\/3\/2023\/10\/Paulo-Taicher-350x250.jpg\" alt=\"\" width=\"350\" height=\"250\" srcset=\"https:\/\/seniorsbrasil.com.br\/etapa2025\/portoalegre\/wp-content\/uploads\/sites\/3\/2023\/10\/Paulo-Taicher-350x250.jpg 350w, https:\/\/seniorsbrasil.com.br\/etapa2025\/portoalegre\/wp-content\/uploads\/sites\/3\/2023\/10\/Paulo-Taicher-120x86.jpg 120w, https:\/\/seniorsbrasil.com.br\/etapa2025\/portoalegre\/wp-content\/uploads\/sites\/3\/2023\/10\/Paulo-Taicher-750x533.jpg 750w\" sizes=\"(max-width: 350px) 100vw, 350px\" \/><figcaption id=\"caption-attachment-12869\" class=\"wp-caption-text\">Foto: Felipe Mohr<\/figcaption><\/figure>\n<p style=\"text-align: justify;\">Taicher marcou um duplo 6\/0 sobre o chileno Cristian Moraga na quadra central da Associa\u00e7\u00e3o Leopoldina Juvenil na capital ga\u00facha. Ele enfrenta nesta quarta-feira o cabe\u00e7a de chave 2, Andr\u00e9 Cury, n\u00e3o antes das 16h.<br \/>\nPaulo jogou por quatro temporadas o circuito profissional at\u00e9 os 22 anos e optou por se aposentar ap\u00f3s disputar tr\u00eas dos quatro Grand Slams (Australian Open, Roland Garros e o US Open) e conquistar as duas medalhas Pan-Americanas, o Ouro com Andr\u00e9 S\u00e1 na dupla e o Bronze em simples onde dividiu o p\u00f3dio com David Nalbandi\u00e1n.<\/p>\n<p style=\"text-align: justify;\">&#8220;Joguei profissional por quatro anos e no final da carreira tive o resultado expressivo no Pan-Americano e me mostrou que estava bom pra mim at\u00e9 ali e decidi sair um pouco do t\u00eanis, fazer coisas que n\u00e3o fazia antes. Sempre fui envolvido com o t\u00eanis dos dez at\u00e9 os 22. Fui estudar medicina em Canoas, me especializei em oftalmologia que \u00e9 \u00e1rea da minha fam\u00edlia. Era meio que meu destino&#8221;, disse Taicher que tem um consult\u00f3rio, a Taicher Oftalmologia, onde trabalha com sua m\u00e3e, irm\u00e3 e mais dois colegas.<br \/>\nEle ficou alguns anos off do t\u00eanis e voltou a acompanhar ap\u00f3s o nascimento do primeiro filho. Seus guris s\u00e3o federados, est\u00e3o entre os melhores do estado, aproveita para treinar com eles e os acompanha em algumas viagens para academias de t\u00eanis fora do pa\u00eds.<\/p>\n<p style=\"text-align: justify;\">A decis\u00e3o de disputar o torneio ga\u00facho veio por um convite de um amigo paulista: &#8220;Tem um amigo que est\u00e1 jogando, o Rodrigo Suarez, joga o circuito Masters e vinha pra c\u00e1 e decidi jogar uma dupla com ele e simples tamb\u00e9m, e tamb\u00e9m fazer uma resenha. Meu foco \u00e9 na dupla, sempre gostei mais do que simples&#8221;, conta.<br \/>\nEm 1999 ele ganhou a oportunidade de jogar o Pan ap\u00f3s aus\u00eancias de Gustavo Kuerten, Fernando Meligeni, Adriano Ferreira e Jaime Oncins. E naquela participa\u00e7\u00e3o n\u00e3o imaginava ganhar medalha at\u00e9 porque os irm\u00e3os Bryan estavam na disputa: &#8220;Foram o Andr\u00e9 S\u00e1, o Daniel Melo e eu. N\u00e3o entendi muito porque eu fui o duplista porque o Daniel e o Andr\u00e9 eram mineiros e desde sempre jogavam duplas. Foi uma surpresa porque achei que n\u00e3o \u00edamos ganhar medalha nenhuma pois os irm\u00e3os Bryan estavam jogando. Est\u00e1vamos em uma semi e os Bryans em outra. Enfrentamos dois venezuelanos e os Bryans pegaram dois mexicanos. Eu e Andr\u00e9 ganhamos e est\u00e1vamos felizes com a Prata. Eu era 180, 190 do mundo, o Andr\u00e9 acho que era top 100 e os Bryans estavam se consolidando. O Andr\u00e9 entrou na sala falando que os americanos tinham perdido 7\/5 no primeiro set na semi&#8230;ent\u00e3o parei e falamos que se eles perdessem, n\u00f3s ser\u00edamos Ouro, se n\u00e3o j\u00e1 era. Eles perderam dos mexicanos e vencemos na final&#8221;.<\/p>\n<p style=\"text-align: justify;\">Taicher contou sua medalha em simples, onde chegou a dividir o p\u00f3dio com David Nalbandi\u00e1n: &#8220;Jogo bom que venci foi nas quartas contra o mexicano que fizemos final de duplas, um cara que foi top 100, Oscar Ortiz. Na \u00e9poca, o Paulo Cleto era o chefe de delega\u00e7\u00e3o. Ele tinha percebido que eu era dos mais estudiosos e me fez olhar, ver o jogo inteiro do mexicano e descrever do jeito que jogava e como fazia, como jogava em um 40 iguais, isso me fez quebrar duas vezes o saque dele, venci 6\/4 6\/4. Na semi tomei um pau do Paul Goldstein, perdi aquele jogo no primeiro game. Ele tinha vencido pouco tempo antes o Greg Rusedski e sacava a 200km\/h. No primeiro game parecia que ele estava devolvendo o saque de costas (risos) . Eu olhei pro treinador e j\u00e1 falei que n\u00e3o ia dar (risos) . Naquela \u00e9poca n\u00e3o tinha disputa de Bronze, fui eu e o Nalbandi\u00e1n no p\u00f3dio. J\u00e1 era o Nalbandi\u00e1n juvenil que tinha ganho algumas do Federer. Com o Pan-americano na \u00faltima semana estava mostrando o recorte das fotos pros meus filhos junto com o Nalbandi\u00e1n, ele com 17 anos, era um rising star. A equipe argentina era fraca n\u00e9, Nalbandi\u00e1n, Guillermo Coria e o Edgardo Massa (risos)&#8221;.<\/p>\n<p style=\"text-align: justify;\">Primeiros finalistas ser\u00e3o conhecidos nesta quarta em Porto Alegre<\/p>\n<figure id=\"attachment_12870\" aria-describedby=\"caption-attachment-12870\" style=\"width: 350px\" class=\"wp-caption alignright\"><img decoding=\"async\" class=\"wp-image-12870 size-jnews-350x250\" src=\"https:\/\/seniorsbrasil.com.br\/etapa2025\/portoalegre\/wp-content\/uploads\/sites\/3\/2023\/10\/Galba-Couto-350x250.jpg\" alt=\"\" width=\"350\" height=\"250\" srcset=\"https:\/\/seniorsbrasil.com.br\/etapa2025\/portoalegre\/wp-content\/uploads\/sites\/3\/2023\/10\/Galba-Couto-350x250.jpg 350w, https:\/\/seniorsbrasil.com.br\/etapa2025\/portoalegre\/wp-content\/uploads\/sites\/3\/2023\/10\/Galba-Couto-120x86.jpg 120w, https:\/\/seniorsbrasil.com.br\/etapa2025\/portoalegre\/wp-content\/uploads\/sites\/3\/2023\/10\/Galba-Couto-750x533.jpg 750w\" sizes=\"(max-width: 350px) 100vw, 350px\" \/><figcaption id=\"caption-attachment-12870\" class=\"wp-caption-text\">Foto: Felipe Mohr<\/figcaption><\/figure>\n<p style=\"text-align: justify;\">O cearense radicado em S\u00e3o Paulo Galba Couto fez uma boa estreia nesta ter\u00e7a na categoria 70 anos derrotando Wilson Emilio por 6\/2 6\/1. Aos 72 e jogando o circuito t\u00eanis h\u00e1 mais de 30, ele vai em busca do bicampeonato em Porto Alegre. O pr\u00f3ximo passo ser\u00e1 na semifinal contra Hamilton Bins nesta quarta a partir das 8h30: <em>&#8220;Ventou muito na hora do jogo, atrapalhou um pouco, vento inconstante. Deu para ir controlando&#8221;, disse o paulista que admitiu certa ansiedade por ser o defensor do trof\u00e9u: &#8220;N\u00e3o conhe\u00e7o meu rival na semi, eu olho a chave, pelo que vi posso pegar o cabe\u00e7a 2 na final caso eu passe, \u00e9 um torneio forte, que todos querem ganhar. Sinto uma press\u00e3o por defender o t\u00edtulo, traz uma ansiedade, mas depois dessa primeira partida essa ansiedade some um pouco&#8221;<\/em>. A outra semi ser\u00e1 entre Denis Marcondes e Adalberto Spadini.<\/p>\n<p style=\"text-align: justify;\">Nos 55 anos masculino tamb\u00e9m \u00e9 dia de definir finalistas com o duelo ga\u00facho entre Marcelo Krebs contra Eurico Carvalho e o chileno Claudio Rojas, cabe\u00e7a de chave 1, enfrentando o brasileiro Beduschi Ricardo.<br \/>\nA competi\u00e7\u00e3o tem a presen\u00e7a de atletas do Brasil, Chile, Argentina, Alemanha, It\u00e1lia, Venezuela, Tun\u00edsia, Nova Zel\u00e2ndia, Fran\u00e7a, Uruguai, Col\u00f4mbia, Austr\u00e1lia e Canad\u00e1 brigando pelos t\u00edtulos desde a categoria mais jovem, a dos 30 anos, at\u00e9 acima dos 80 anos em simples, duplas e duplas mistas, sempre em classes divididas de cinco em cinco anos. O evento tem a presen\u00e7a de onze atletas entre os 10 melhores do mundo nas respectivas categorias.<\/p>\n<p style=\"text-align: justify;\">A 37\u00aa edi\u00e7\u00e3o do Seniors Internacional de T\u00eanis de Porto Alegre &#8211; Copa Yone Borba Dias conta com o patroc\u00ednio da Claro, co-patroc\u00ednio do Golden Lake Multiplan e apoio da FILA. O evento tem o financiamento do Pr\u00f3 Esporte Lei de Incentivo e Fundo do Governo do Estado do Rio Grande do Sul &#8211; Secretaria do Esporte e Lazer. O torneio \u00e9 uma realiza\u00e7\u00e3o da Pr\u00f3-T\u00eanis Promo\u00e7\u00f5es Esportivas e tem a chancela da Federa\u00e7\u00e3o Internacional de T\u00eanis.<\/p>\n","protected":false},"excerpt":{"rendered":"<p>Porto Alegre\/RS. Medalha de Ouro nas duplas e Bronze nas simples nos Jogos Pan-Americanos de 1999 em Winnipeg, no Canad\u00e1, o ga\u00facho de Novo Hamburgo, Paulo Taicher, fez, nesta ter\u00e7a-feira, sua estreia no circuito mundial Masters da Federa\u00e7\u00e3o Internacional de T\u00eanis. Ele venceu a primeira partida na categoria 45 anos do 37\u00ba Seniors Internacional de [&hellip;]<\/p>\n","protected":false},"author":2,"featured_media":12869,"comment_status":"open","ping_status":"open","sticky":false,"template":"","format":"standard","meta":{"ngg_post_thumbnail":0,"footnotes":""},"categories":[2],"tags":[13,114,112,133,47,52],"class_list":["post-12867","post","type-post","status-publish","format-standard","has-post-thumbnail","hentry","category-noticias","tag-alj","tag-galba-couto","tag-leopoldina-juvenil","tag-paulo-taicher","tag-protenis","tag-seniors-brasil"],"yoast_head":"<!-- This site is optimized with the Yoast SEO Premium plugin v20.6 (Yoast SEO v25.8) - https:\/\/yoast.com\/wordpress\/plugins\/seo\/ -->\n<title>Ouro no Pan-Americano de 99, ga\u00facho Paulo Taicher estreia com vit\u00f3ria no 37\u00ba Seniors Internacional de T\u00eanis de Porto Alegre - Seniors Brasil 2025 - Porto Alegre<\/title>\n<meta name=\"robots\" content=\"index, follow, max-snippet:-1, max-image-preview:large, max-video-preview:-1\" \/>\n<link rel=\"canonical\" href=\"https:\/\/seniorsbrasil.com.br\/etapa2025\/portoalegre\/2023\/10\/31\/ouro-no-pan-americano-de-99-gaucho-paulo-taicher-estreia-com-vitoria-no-37o-seniors-internacional-de-tenis-de-porto-alegre\/\" \/>\n<meta property=\"og:locale\" content=\"pt_BR\" \/>\n<meta property=\"og:type\" content=\"article\" \/>\n<meta property=\"og:title\" content=\"Ouro no Pan-Americano de 99, ga\u00facho Paulo Taicher estreia com vit\u00f3ria no 37\u00ba Seniors Internacional de T\u00eanis de Porto Alegre\" \/>\n<meta property=\"og:description\" content=\"Porto Alegre\/RS. Medalha de Ouro nas duplas e Bronze nas simples nos Jogos Pan-Americanos de 1999 em Winnipeg, no Canad\u00e1, o ga\u00facho de Novo Hamburgo, Paulo Taicher, fez, nesta ter\u00e7a-feira, sua estreia no circuito mundial Masters da Federa\u00e7\u00e3o Internacional de T\u00eanis. Ele venceu a primeira partida na categoria 45 anos do 37\u00ba Seniors Internacional de [&hellip;]\" \/>\n<meta property=\"og:url\" content=\"https:\/\/seniorsbrasil.com.br\/etapa2025\/portoalegre\/2023\/10\/31\/ouro-no-pan-americano-de-99-gaucho-paulo-taicher-estreia-com-vitoria-no-37o-seniors-internacional-de-tenis-de-porto-alegre\/\" \/>\n<meta property=\"og:site_name\" content=\"Seniors Brasil 2025 - Porto Alegre\" \/>\n<meta property=\"article:published_time\" content=\"2023-11-01T00:32:47+00:00\" \/>\n<meta property=\"article:modified_time\" content=\"2023-11-01T00:40:20+00:00\" \/>\n<meta property=\"og:image\" content=\"https:\/\/seniorsbrasil.com.br\/etapa2025\/portoalegre\/wp-content\/uploads\/sites\/3\/2023\/10\/Paulo-Taicher.jpg\" \/>\n\t<meta property=\"og:image:width\" content=\"800\" \/>\n\t<meta property=\"og:image:height\" content=\"533\" \/>\n\t<meta property=\"og:image:type\" content=\"image\/jpeg\" \/>\n<meta name=\"author\" content=\"fernandes\" \/>\n<meta name=\"twitter:card\" content=\"summary_large_image\" \/>\n<meta name=\"twitter:label1\" content=\"Escrito por\" \/>\n\t<meta name=\"twitter:data1\" content=\"fernandes\" \/>\n\t<meta name=\"twitter:label2\" content=\"Est. tempo de leitura\" \/>\n\t<meta name=\"twitter:data2\" content=\"7 minutos\" \/>\n<script type=\"application\/ld+json\" class=\"yoast-schema-graph\">{\"@context\":\"https:\/\/schema.org\",\"@graph\":[{\"@type\":\"WebPage\",\"@id\":\"https:\/\/seniorsbrasil.com.br\/etapa2025\/portoalegre\/2023\/10\/31\/ouro-no-pan-americano-de-99-gaucho-paulo-taicher-estreia-com-vitoria-no-37o-seniors-internacional-de-tenis-de-porto-alegre\/\",\"url\":\"https:\/\/seniorsbrasil.com.br\/etapa2025\/portoalegre\/2023\/10\/31\/ouro-no-pan-americano-de-99-gaucho-paulo-taicher-estreia-com-vitoria-no-37o-seniors-internacional-de-tenis-de-porto-alegre\/\",\"name\":\"Ouro no Pan-Americano de 99, ga\u00facho Paulo Taicher estreia com vit\u00f3ria no 37\u00ba Seniors Internacional de T\u00eanis de Porto Alegre - Seniors Brasil 2025 - Porto Alegre\",\"isPartOf\":{\"@id\":\"https:\/\/seniorsbrasil.com.br\/etapa2025\/portoalegre\/#website\"},\"primaryImageOfPage\":{\"@id\":\"https:\/\/seniorsbrasil.com.br\/etapa2025\/portoalegre\/2023\/10\/31\/ouro-no-pan-americano-de-99-gaucho-paulo-taicher-estreia-com-vitoria-no-37o-seniors-internacional-de-tenis-de-porto-alegre\/#primaryimage\"},\"image\":{\"@id\":\"https:\/\/seniorsbrasil.com.br\/etapa2025\/portoalegre\/2023\/10\/31\/ouro-no-pan-americano-de-99-gaucho-paulo-taicher-estreia-com-vitoria-no-37o-seniors-internacional-de-tenis-de-porto-alegre\/#primaryimage\"},\"thumbnailUrl\":\"https:\/\/seniorsbrasil.com.br\/etapa2025\/portoalegre\/wp-content\/uploads\/sites\/3\/2023\/10\/Paulo-Taicher.jpg\",\"datePublished\":\"2023-11-01T00:32:47+00:00\",\"dateModified\":\"2023-11-01T00:40:20+00:00\",\"author\":{\"@id\":\"https:\/\/seniorsbrasil.com.br\/etapa2025\/portoalegre\/#\/schema\/person\/f5c46fa77bebc3330c4d3643c74cc6ee\"},\"breadcrumb\":{\"@id\":\"https:\/\/seniorsbrasil.com.br\/etapa2025\/portoalegre\/2023\/10\/31\/ouro-no-pan-americano-de-99-gaucho-paulo-taicher-estreia-com-vitoria-no-37o-seniors-internacional-de-tenis-de-porto-alegre\/#breadcrumb\"},\"inLanguage\":\"pt-BR\",\"potentialAction\":[{\"@type\":\"ReadAction\",\"target\":[\"https:\/\/seniorsbrasil.com.br\/etapa2025\/portoalegre\/2023\/10\/31\/ouro-no-pan-americano-de-99-gaucho-paulo-taicher-estreia-com-vitoria-no-37o-seniors-internacional-de-tenis-de-porto-alegre\/\"]}]},{\"@type\":\"ImageObject\",\"inLanguage\":\"pt-BR\",\"@id\":\"https:\/\/seniorsbrasil.com.br\/etapa2025\/portoalegre\/2023\/10\/31\/ouro-no-pan-americano-de-99-gaucho-paulo-taicher-estreia-com-vitoria-no-37o-seniors-internacional-de-tenis-de-porto-alegre\/#primaryimage\",\"url\":\"https:\/\/seniorsbrasil.com.br\/etapa2025\/portoalegre\/wp-content\/uploads\/sites\/3\/2023\/10\/Paulo-Taicher.jpg\",\"contentUrl\":\"https:\/\/seniorsbrasil.com.br\/etapa2025\/portoalegre\/wp-content\/uploads\/sites\/3\/2023\/10\/Paulo-Taicher.jpg\",\"width\":800,\"height\":533,\"caption\":\"Foto: Felipe Mohr\"},{\"@type\":\"BreadcrumbList\",\"@id\":\"https:\/\/seniorsbrasil.com.br\/etapa2025\/portoalegre\/2023\/10\/31\/ouro-no-pan-americano-de-99-gaucho-paulo-taicher-estreia-com-vitoria-no-37o-seniors-internacional-de-tenis-de-porto-alegre\/#breadcrumb\",\"itemListElement\":[{\"@type\":\"ListItem\",\"position\":1,\"name\":\"Home\",\"item\":\"https:\/\/seniorsbrasil.com.br\/etapa2025\/portoalegre\/\"},{\"@type\":\"ListItem\",\"position\":2,\"name\":\"Ouro no Pan-Americano de 99, ga\u00facho Paulo Taicher estreia com vit\u00f3ria no 37\u00ba Seniors Internacional de T\u00eanis de Porto Alegre\"}]},{\"@type\":\"WebSite\",\"@id\":\"https:\/\/seniorsbrasil.com.br\/etapa2025\/portoalegre\/#website\",\"url\":\"https:\/\/seniorsbrasil.com.br\/etapa2025\/portoalegre\/\",\"name\":\"Seniors Brasil 2025 - Porto Alegre\",\"description\":\"Circuito Seniors Brasil 2025\",\"potentialAction\":[{\"@type\":\"SearchAction\",\"target\":{\"@type\":\"EntryPoint\",\"urlTemplate\":\"https:\/\/seniorsbrasil.com.br\/etapa2025\/portoalegre\/?s={search_term_string}\"},\"query-input\":{\"@type\":\"PropertyValueSpecification\",\"valueRequired\":true,\"valueName\":\"search_term_string\"}}],\"inLanguage\":\"pt-BR\"},{\"@type\":\"Person\",\"@id\":\"https:\/\/seniorsbrasil.com.br\/etapa2025\/portoalegre\/#\/schema\/person\/f5c46fa77bebc3330c4d3643c74cc6ee\",\"name\":\"fernandes\",\"image\":{\"@type\":\"ImageObject\",\"inLanguage\":\"pt-BR\",\"@id\":\"https:\/\/seniorsbrasil.com.br\/etapa2025\/portoalegre\/#\/schema\/person\/image\/\",\"url\":\"https:\/\/secure.gravatar.com\/avatar\/824c2cb31eb74d67615631b9bf5b5355272843097f344eab09174e0ab1a18ec3?s=96&d=mm&r=g\",\"contentUrl\":\"https:\/\/secure.gravatar.com\/avatar\/824c2cb31eb74d67615631b9bf5b5355272843097f344eab09174e0ab1a18ec3?s=96&d=mm&r=g\",\"caption\":\"fernandes\"},\"url\":\"https:\/\/seniorsbrasil.com.br\/etapa2025\/portoalegre\/author\/fernandes\/\"}]}<\/script>\n<!-- \/ Yoast SEO Premium plugin. -->","yoast_head_json":{"title":"Ouro no Pan-Americano de 99, ga\u00facho Paulo Taicher estreia com vit\u00f3ria no 37\u00ba Seniors Internacional de T\u00eanis de Porto Alegre - Seniors Brasil 2025 - Porto Alegre","robots":{"index":"index","follow":"follow","max-snippet":"max-snippet:-1","max-image-preview":"max-image-preview:large","max-video-preview":"max-video-preview:-1"},"canonical":"https:\/\/seniorsbrasil.com.br\/etapa2025\/portoalegre\/2023\/10\/31\/ouro-no-pan-americano-de-99-gaucho-paulo-taicher-estreia-com-vitoria-no-37o-seniors-internacional-de-tenis-de-porto-alegre\/","og_locale":"pt_BR","og_type":"article","og_title":"Ouro no Pan-Americano de 99, ga\u00facho Paulo Taicher estreia com vit\u00f3ria no 37\u00ba Seniors Internacional de T\u00eanis de Porto Alegre","og_description":"Porto Alegre\/RS. Medalha de Ouro nas duplas e Bronze nas simples nos Jogos Pan-Americanos de 1999 em Winnipeg, no Canad\u00e1, o ga\u00facho de Novo Hamburgo, Paulo Taicher, fez, nesta ter\u00e7a-feira, sua estreia no circuito mundial Masters da Federa\u00e7\u00e3o Internacional de T\u00eanis. Ele venceu a primeira partida na categoria 45 anos do 37\u00ba Seniors Internacional de [&hellip;]","og_url":"https:\/\/seniorsbrasil.com.br\/etapa2025\/portoalegre\/2023\/10\/31\/ouro-no-pan-americano-de-99-gaucho-paulo-taicher-estreia-com-vitoria-no-37o-seniors-internacional-de-tenis-de-porto-alegre\/","og_site_name":"Seniors Brasil 2025 - Porto Alegre","article_published_time":"2023-11-01T00:32:47+00:00","article_modified_time":"2023-11-01T00:40:20+00:00","og_image":[{"width":800,"height":533,"url":"https:\/\/seniorsbrasil.com.br\/etapa2025\/portoalegre\/wp-content\/uploads\/sites\/3\/2023\/10\/Paulo-Taicher.jpg","type":"image\/jpeg"}],"author":"fernandes","twitter_card":"summary_large_image","twitter_misc":{"Escrito por":"fernandes","Est. tempo de leitura":"7 minutos"},"schema":{"@context":"https:\/\/schema.org","@graph":[{"@type":"WebPage","@id":"https:\/\/seniorsbrasil.com.br\/etapa2025\/portoalegre\/2023\/10\/31\/ouro-no-pan-americano-de-99-gaucho-paulo-taicher-estreia-com-vitoria-no-37o-seniors-internacional-de-tenis-de-porto-alegre\/","url":"https:\/\/seniorsbrasil.com.br\/etapa2025\/portoalegre\/2023\/10\/31\/ouro-no-pan-americano-de-99-gaucho-paulo-taicher-estreia-com-vitoria-no-37o-seniors-internacional-de-tenis-de-porto-alegre\/","name":"Ouro no Pan-Americano de 99, ga\u00facho Paulo Taicher estreia com vit\u00f3ria no 37\u00ba Seniors Internacional de T\u00eanis de Porto Alegre - Seniors Brasil 2025 - Porto Alegre","isPartOf":{"@id":"https:\/\/seniorsbrasil.com.br\/etapa2025\/portoalegre\/#website"},"primaryImageOfPage":{"@id":"https:\/\/seniorsbrasil.com.br\/etapa2025\/portoalegre\/2023\/10\/31\/ouro-no-pan-americano-de-99-gaucho-paulo-taicher-estreia-com-vitoria-no-37o-seniors-internacional-de-tenis-de-porto-alegre\/#primaryimage"},"image":{"@id":"https:\/\/seniorsbrasil.com.br\/etapa2025\/portoalegre\/2023\/10\/31\/ouro-no-pan-americano-de-99-gaucho-paulo-taicher-estreia-com-vitoria-no-37o-seniors-internacional-de-tenis-de-porto-alegre\/#primaryimage"},"thumbnailUrl":"https:\/\/seniorsbrasil.com.br\/etapa2025\/portoalegre\/wp-content\/uploads\/sites\/3\/2023\/10\/Paulo-Taicher.jpg","datePublished":"2023-11-01T00:32:47+00:00","dateModified":"2023-11-01T00:40:20+00:00","author":{"@id":"https:\/\/seniorsbrasil.com.br\/etapa2025\/portoalegre\/#\/schema\/person\/f5c46fa77bebc3330c4d3643c74cc6ee"},"breadcrumb":{"@id":"https:\/\/seniorsbrasil.com.br\/etapa2025\/portoalegre\/2023\/10\/31\/ouro-no-pan-americano-de-99-gaucho-paulo-taicher-estreia-com-vitoria-no-37o-seniors-internacional-de-tenis-de-porto-alegre\/#breadcrumb"},"inLanguage":"pt-BR","potentialAction":[{"@type":"ReadAction","target":["https:\/\/seniorsbrasil.com.br\/etapa2025\/portoalegre\/2023\/10\/31\/ouro-no-pan-americano-de-99-gaucho-paulo-taicher-estreia-com-vitoria-no-37o-seniors-internacional-de-tenis-de-porto-alegre\/"]}]},{"@type":"ImageObject","inLanguage":"pt-BR","@id":"https:\/\/seniorsbrasil.com.br\/etapa2025\/portoalegre\/2023\/10\/31\/ouro-no-pan-americano-de-99-gaucho-paulo-taicher-estreia-com-vitoria-no-37o-seniors-internacional-de-tenis-de-porto-alegre\/#primaryimage","url":"https:\/\/seniorsbrasil.com.br\/etapa2025\/portoalegre\/wp-content\/uploads\/sites\/3\/2023\/10\/Paulo-Taicher.jpg","contentUrl":"https:\/\/seniorsbrasil.com.br\/etapa2025\/portoalegre\/wp-content\/uploads\/sites\/3\/2023\/10\/Paulo-Taicher.jpg","width":800,"height":533,"caption":"Foto: Felipe Mohr"},{"@type":"BreadcrumbList","@id":"https:\/\/seniorsbrasil.com.br\/etapa2025\/portoalegre\/2023\/10\/31\/ouro-no-pan-americano-de-99-gaucho-paulo-taicher-estreia-com-vitoria-no-37o-seniors-internacional-de-tenis-de-porto-alegre\/#breadcrumb","itemListElement":[{"@type":"ListItem","position":1,"name":"Home","item":"https:\/\/seniorsbrasil.com.br\/etapa2025\/portoalegre\/"},{"@type":"ListItem","position":2,"name":"Ouro no Pan-Americano de 99, ga\u00facho Paulo Taicher estreia com vit\u00f3ria no 37\u00ba Seniors Internacional de T\u00eanis de Porto Alegre"}]},{"@type":"WebSite","@id":"https:\/\/seniorsbrasil.com.br\/etapa2025\/portoalegre\/#website","url":"https:\/\/seniorsbrasil.com.br\/etapa2025\/portoalegre\/","name":"Seniors Brasil 2025 - Porto Alegre","description":"Circuito Seniors Brasil 2025","potentialAction":[{"@type":"SearchAction","target":{"@type":"EntryPoint","urlTemplate":"https:\/\/seniorsbrasil.com.br\/etapa2025\/portoalegre\/?s={search_term_string}"},"query-input":{"@type":"PropertyValueSpecification","valueRequired":true,"valueName":"search_term_string"}}],"inLanguage":"pt-BR"},{"@type":"Person","@id":"https:\/\/seniorsbrasil.com.br\/etapa2025\/portoalegre\/#\/schema\/person\/f5c46fa77bebc3330c4d3643c74cc6ee","name":"fernandes","image":{"@type":"ImageObject","inLanguage":"pt-BR","@id":"https:\/\/seniorsbrasil.com.br\/etapa2025\/portoalegre\/#\/schema\/person\/image\/","url":"https:\/\/secure.gravatar.com\/avatar\/824c2cb31eb74d67615631b9bf5b5355272843097f344eab09174e0ab1a18ec3?s=96&d=mm&r=g","contentUrl":"https:\/\/secure.gravatar.com\/avatar\/824c2cb31eb74d67615631b9bf5b5355272843097f344eab09174e0ab1a18ec3?s=96&d=mm&r=g","caption":"fernandes"},"url":"https:\/\/seniorsbrasil.com.br\/etapa2025\/portoalegre\/author\/fernandes\/"}]}},"_links":{"self":[{"href":"https:\/\/seniorsbrasil.com.br\/etapa2025\/portoalegre\/wp-json\/wp\/v2\/posts\/12867","targetHints":{"allow":["GET"]}}],"collection":[{"href":"https:\/\/seniorsbrasil.com.br\/etapa2025\/portoalegre\/wp-json\/wp\/v2\/posts"}],"about":[{"href":"https:\/\/seniorsbrasil.com.br\/etapa2025\/portoalegre\/wp-json\/wp\/v2\/types\/post"}],"author":[{"embeddable":true,"href":"https:\/\/seniorsbrasil.com.br\/etapa2025\/portoalegre\/wp-json\/wp\/v2\/users\/2"}],"replies":[{"embeddable":true,"href":"https:\/\/seniorsbrasil.com.br\/etapa2025\/portoalegre\/wp-json\/wp\/v2\/comments?post=12867"}],"version-history":[{"count":3,"href":"https:\/\/seniorsbrasil.com.br\/etapa2025\/portoalegre\/wp-json\/wp\/v2\/posts\/12867\/revisions"}],"predecessor-version":[{"id":12873,"href":"https:\/\/seniorsbrasil.com.br\/etapa2025\/portoalegre\/wp-json\/wp\/v2\/posts\/12867\/revisions\/12873"}],"wp:featuredmedia":[{"embeddable":true,"href":"https:\/\/seniorsbrasil.com.br\/etapa2025\/portoalegre\/wp-json\/wp\/v2\/media\/12869"}],"wp:attachment":[{"href":"https:\/\/seniorsbrasil.com.br\/etapa2025\/portoalegre\/wp-json\/wp\/v2\/media?parent=12867"}],"wp:term":[{"taxonomy":"category","embeddable":true,"href":"https:\/\/seniorsbrasil.com.br\/etapa2025\/portoalegre\/wp-json\/wp\/v2\/categories?post=12867"},{"taxonomy":"post_tag","embeddable":true,"href":"https:\/\/seniorsbrasil.com.br\/etapa2025\/portoalegre\/wp-json\/wp\/v2\/tags?post=12867"}],"curies":[{"name":"wp","href":"https:\/\/api.w.org\/{rel}","templated":true}]}}