{"id":12919,"date":"2023-11-02T14:34:31","date_gmt":"2023-11-02T17:34:31","guid":{"rendered":"https:\/\/seniorsbrasil.com.br\/etapa2025\/portoalegre\/?p=12919"},"modified":"2023-11-02T23:18:15","modified_gmt":"2023-11-03T02:18:15","slug":"cerimonia-de-abertura-com-atletas-e-autoridades-marca-a-noite-de-quarta-feira-no-37o-seniors-internacional-de-tenis-de-porto-alegre","status":"publish","type":"post","link":"https:\/\/seniorsbrasil.com.br\/etapa2025\/portoalegre\/2023\/11\/02\/cerimonia-de-abertura-com-atletas-e-autoridades-marca-a-noite-de-quarta-feira-no-37o-seniors-internacional-de-tenis-de-porto-alegre\/","title":{"rendered":"Cerim\u00f4nia de abertura com atletas e autoridades marca a noite de quarta-feira no 37\u00ba Seniors Internacional de T\u00eanis de Porto Alegre"},"content":{"rendered":"<p><strong>Porto Alegre\/RS<\/strong> &#8211; A noite de quarta-feira foi especial com a tradicional cerim\u00f4nia de abertura do <strong>37\u00ba Seniors Internacional de T\u00eanis de Porto Alegre<\/strong> &#8211; <strong>Copa Yone Borba Dias<\/strong>. O evento \u00e9 da categoria <strong>MT700<\/strong> do ranking mundial da <strong>Federa\u00e7\u00e3o Internacional de T\u00eanis<\/strong> e conta com 200 atletas de 13 pa\u00edses na Associa\u00e7\u00e3o Leopoldina Juvenil. O evento vai at\u00e9 o s\u00e1bado, 4, e tem o financiamento do Pr\u00f3 Esporte Lei de Incentivo e Fundo do Governo do Estado do Rio Grande do Sul &#8211; Secretaria do Esporte e Lazer.<\/p>\n<figure id=\"attachment_12924\" aria-describedby=\"caption-attachment-12924\" style=\"width: 360px\" class=\"wp-caption alignright\"><img fetchpriority=\"high\" decoding=\"async\" class=\"size-jnews-360x180 wp-image-12924\" src=\"https:\/\/seniorsbrasil.com.br\/etapa2025\/portoalegre\/wp-content\/uploads\/sites\/3\/2023\/11\/Cerimonia-de-abertura-2023_800x533-360x180.jpg\" alt=\"\" width=\"360\" height=\"180\" srcset=\"https:\/\/seniorsbrasil.com.br\/etapa2025\/portoalegre\/wp-content\/uploads\/sites\/3\/2023\/11\/Cerimonia-de-abertura-2023_800x533-360x180.jpg 360w, https:\/\/seniorsbrasil.com.br\/etapa2025\/portoalegre\/wp-content\/uploads\/sites\/3\/2023\/11\/Cerimonia-de-abertura-2023_800x533-750x375.jpg 750w\" sizes=\"(max-width: 360px) 100vw, 360px\" \/><figcaption id=\"caption-attachment-12924\" class=\"wp-caption-text\">Foto: Felipe Mohr<\/figcaption><\/figure>\n<p>A quadra central da <strong>Associa\u00e7\u00e3o Leopoldina Juvenil<\/strong> recebeu autoridades como o vice-prefeito de Porto Alegre, <strong>Ricardo Gomes<\/strong>, <strong>Felipe Camozzato<\/strong>, Dep. Estadual representando a Assembleia Legislativa de Porto Alegre, <strong>Paulo Cesar Verardi<\/strong>, Diretor de Fomento da Secretaria de Esporte e Lazer do Estado do Rio Grande do Sul (SEL), o diretor do torneio, <strong>Ennio Moreira<\/strong>, <strong>Laura Moreira<\/strong>, diretora da ProT\u00eanis Promo\u00e7\u00f5es Esportivas, <strong>Bruno Vanuzzi<\/strong>, diretor de Desenvolvimento Imobili\u00e1rio da Multiplan, <strong>Rog\u00e9rio Pivotto<\/strong>, Gerente de Canal Direto Regional Sul da Claro,&nbsp; <strong>Jairo Murliki<\/strong>, diretor do Grupo Murliki &#8211; Metr\u00f3pole Eventos, e <strong>Eduardo Chemale<\/strong>, presidente da Federa\u00e7\u00e3o Ga\u00facha de T\u00eanis.<\/p>\n<p>Foram homenageados em quadra os atletas <strong>Carlos Behar<\/strong>, terceiro do mundo na categoria 65 anos, a italiana <strong>Karina Lojo<\/strong>, s\u00e9tima colocada nos 30, o paulista <strong>Ricardo Tomb<\/strong>, n\u00famero 1 do mundo nos 60 anos, e <strong>Monica Yanagi<\/strong>, oitava do mundo nos 55 anos. Marcou presen\u00e7a tamb\u00e9m o neto de <strong>Yone Borba Dias<\/strong>, <strong>Filipe Costa<\/strong>, que disputa pela primeira vez o evento na categoria 45 anos.<\/p>\n<p><em>&#8220;Temos tenistas de treze pa\u00edses, onze entre os dez melhores do mundo e acima de tudo muita disposi\u00e7\u00e3o e integra\u00e7\u00e3o dentro de fora das quadras. Este \u00e9 o perfil do j\u00e1 tradicional Seniors Internacional de Porto Alegre &#8211; Copa Yone Borba Dias que a cada ano proporciona que a capital ga\u00facha se torne a capital mundial do t\u00eanis Masters. Quer\u00edamos agradecer aos atletas mais pr\u00f3ximos e aos que viajam milhares de quil\u00f4metros para disputarem a competi\u00e7\u00e3o. Importante salientar que este torneio vem acontecendo h\u00e1 37 edi\u00e7\u00f5es onde j\u00e1 enfrentamos diversas dificuldades e crises que nosso pa\u00eds enfrentou nos \u00faltimos anos, mas continua com o apoio dos nossos patrocinadores e este pela primeira vez com o apoio do Governo do Estado do Rio Grande do Sul atrav\u00e9s do Pr\u00f3-Esporte. Acreditamos ser um dos poucos torneios com tamanho n\u00famero de edi\u00e7\u00f5es realizadas e isso s\u00f3 foi poss\u00edvel gra\u00e7as ao trabalho, luta e perseveran\u00e7a de Yone Borba Dias. Agradecimento especial \u00e0 Associa\u00e7\u00e3o Leopoldina Juvenil e tamb\u00e9m ao patroc\u00ednio da Claro, o co-patroc\u00ednio da golden Lake\/Multiplan e o apoio da FILA e o apoio e financiamento do Pr\u00f3-Esporte, Lei de Incentivo e fundo do Governo do Estado do Rio Grande do Sul &#8211; Secretaria de Esporte e Lazer&#8221;<\/em>, disse o emocionado Ennio Moreira.<\/p>\n<p>Paulo Cesar Verardi destacou: &#8220;Para voc\u00eas terem uma ideia, ao longo de 2023, recebemos cerca de mil projetos pela Lei de Incentivo. Quando a gente participa de um evento como esse onde se celebra trajet\u00f3ria de conquistas , boas pr\u00e1ticas de uma modalidade esportiva t\u00e3o importante para o mundo, temos convic\u00e7\u00e3o que vale a pena&#8221;, declarou.<\/p>\n<p>Ricardo Gomes destacou: &#8220;Quero parabenizar pelo clube e todos os que organizaram e os patrocinaram e dizer que&nbsp; primeiro uma homenagem justa \u00e0 Yone e que voc\u00eas est\u00e3o fazendo muito mais que um grande torneio. Est\u00e3o fazendo um clube melhor e uma vida melhor para quem mora em Porto Alegre e uma cidade melhor para todos n\u00f3s&#8221;. Ap\u00f3s a cerim\u00f4nia, as autoridades e os atletas participaram de um coquetel no bar ingl\u00eas da Leopoldina Juvenil.<\/p>\n<p>A competi\u00e7\u00e3o segue nesta quinta-feira com a presen\u00e7a de atletas do Brasil, Chile, Argentina, Alemanha, It\u00e1lia, Venezuela, Tun\u00edsia, Nova Zel\u00e2ndia, Fran\u00e7a, Uruguai, Col\u00f4mbia, Austr\u00e1lia e Canad\u00e1 brigando pelos t\u00edtulos desde a categoria mais jovem, a dos 30 anos, at\u00e9 acima dos 80 anos em simples, duplas e duplas mistas, sempre em classes divididas de cinco em cinco anos. O evento tem a presen\u00e7a de onze atletas entre os 10 melhores do mundo nas respectivas categorias.<\/p>\n<p>A 37\u00aa edi\u00e7\u00e3o do Seniors Internacional de T\u00eanis de Porto Alegre &#8211; Copa Yone Borba Dias conta com o patroc\u00ednio da Claro, copatroc\u00ednio do Golden Lake Multiplan e apoio da FILA. O evento tem o financiamento do Pr\u00f3 Esporte Lei de Incentivo e Fundo do Governo do Estado do Rio Grande do Sul &#8211; Secretaria do Esporte e Lazer. O torneio \u00e9 uma realiza\u00e7\u00e3o da ProT\u00eanis Promo\u00e7\u00f5es Esportivas, com produ\u00e7\u00e3o da Metr\u00f3pole Eventos, e tem a chancela da Federa\u00e7\u00e3o Internacional de T\u00eanis.<\/p>\n","protected":false},"excerpt":{"rendered":"<p>Porto Alegre\/RS &#8211; A noite de quarta-feira foi especial com a tradicional cerim\u00f4nia de abertura do 37\u00ba Seniors Internacional de T\u00eanis de Porto Alegre &#8211; Copa Yone Borba Dias. O evento \u00e9 da categoria MT700 do ranking mundial da Federa\u00e7\u00e3o Internacional de T\u00eanis e conta com 200 atletas de 13 pa\u00edses na Associa\u00e7\u00e3o Leopoldina Juvenil. [&hellip;]<\/p>\n","protected":false},"author":2,"featured_media":12923,"comment_status":"open","ping_status":"open","sticky":false,"template":"","format":"standard","meta":{"ngg_post_thumbnail":0,"footnotes":""},"categories":[2,1],"tags":[136,140,13,139,20,112,47,52,137],"class_list":["post-12919","post","type-post","status-publish","format-standard","has-post-thumbnail","hentry","category-noticias","category-sem-categoria","tag-37o","tag-abertura","tag-alj","tag-cerimonia","tag-copa-yone-borba-dias","tag-leopoldina-juvenil","tag-protenis","tag-seniors-brasil","tag-seniors-internacional-de-porto-alegre"],"yoast_head":"<!-- This site is optimized with the Yoast SEO Premium plugin v20.6 (Yoast SEO v25.8) - https:\/\/yoast.com\/wordpress\/plugins\/seo\/ -->\n<title>Cerim\u00f4nia de abertura com atletas e autoridades marca a noite de quarta-feira no 37\u00ba Seniors Internacional de T\u00eanis de Porto Alegre - Seniors Brasil 2025 - Porto Alegre<\/title>\n<meta name=\"robots\" content=\"index, follow, max-snippet:-1, max-image-preview:large, max-video-preview:-1\" \/>\n<link rel=\"canonical\" href=\"https:\/\/seniorsbrasil.com.br\/etapa2025\/portoalegre\/2023\/11\/02\/cerimonia-de-abertura-com-atletas-e-autoridades-marca-a-noite-de-quarta-feira-no-37o-seniors-internacional-de-tenis-de-porto-alegre\/\" \/>\n<meta property=\"og:locale\" content=\"pt_BR\" \/>\n<meta property=\"og:type\" content=\"article\" \/>\n<meta property=\"og:title\" content=\"Cerim\u00f4nia de abertura com atletas e autoridades marca a noite de quarta-feira no 37\u00ba Seniors Internacional de T\u00eanis de Porto Alegre\" \/>\n<meta property=\"og:description\" content=\"Porto Alegre\/RS &#8211; A noite de quarta-feira foi especial com a tradicional cerim\u00f4nia de abertura do 37\u00ba Seniors Internacional de T\u00eanis de Porto Alegre &#8211; Copa Yone Borba Dias. O evento \u00e9 da categoria MT700 do ranking mundial da Federa\u00e7\u00e3o Internacional de T\u00eanis e conta com 200 atletas de 13 pa\u00edses na Associa\u00e7\u00e3o Leopoldina Juvenil. [&hellip;]\" \/>\n<meta property=\"og:url\" content=\"https:\/\/seniorsbrasil.com.br\/etapa2025\/portoalegre\/2023\/11\/02\/cerimonia-de-abertura-com-atletas-e-autoridades-marca-a-noite-de-quarta-feira-no-37o-seniors-internacional-de-tenis-de-porto-alegre\/\" \/>\n<meta property=\"og:site_name\" content=\"Seniors Brasil 2025 - Porto Alegre\" \/>\n<meta property=\"article:published_time\" content=\"2023-11-02T17:34:31+00:00\" \/>\n<meta property=\"article:modified_time\" content=\"2023-11-03T02:18:15+00:00\" \/>\n<meta property=\"og:image\" content=\"https:\/\/seniorsbrasil.com.br\/etapa2025\/portoalegre\/wp-content\/uploads\/sites\/3\/2023\/11\/abertura-oficial_800x533.jpg\" \/>\n\t<meta property=\"og:image:width\" content=\"800\" \/>\n\t<meta property=\"og:image:height\" content=\"533\" \/>\n\t<meta property=\"og:image:type\" content=\"image\/jpeg\" \/>\n<meta name=\"author\" content=\"fernandes\" \/>\n<meta name=\"twitter:card\" content=\"summary_large_image\" \/>\n<meta name=\"twitter:label1\" content=\"Escrito por\" \/>\n\t<meta name=\"twitter:data1\" content=\"fernandes\" \/>\n\t<meta name=\"twitter:label2\" content=\"Est. tempo de leitura\" \/>\n\t<meta name=\"twitter:data2\" content=\"5 minutos\" \/>\n<script type=\"application\/ld+json\" class=\"yoast-schema-graph\">{\"@context\":\"https:\/\/schema.org\",\"@graph\":[{\"@type\":\"WebPage\",\"@id\":\"https:\/\/seniorsbrasil.com.br\/etapa2025\/portoalegre\/2023\/11\/02\/cerimonia-de-abertura-com-atletas-e-autoridades-marca-a-noite-de-quarta-feira-no-37o-seniors-internacional-de-tenis-de-porto-alegre\/\",\"url\":\"https:\/\/seniorsbrasil.com.br\/etapa2025\/portoalegre\/2023\/11\/02\/cerimonia-de-abertura-com-atletas-e-autoridades-marca-a-noite-de-quarta-feira-no-37o-seniors-internacional-de-tenis-de-porto-alegre\/\",\"name\":\"Cerim\u00f4nia de abertura com atletas e autoridades marca a noite de quarta-feira no 37\u00ba Seniors Internacional de T\u00eanis de Porto Alegre - Seniors Brasil 2025 - Porto Alegre\",\"isPartOf\":{\"@id\":\"https:\/\/seniorsbrasil.com.br\/etapa2025\/portoalegre\/#website\"},\"primaryImageOfPage\":{\"@id\":\"https:\/\/seniorsbrasil.com.br\/etapa2025\/portoalegre\/2023\/11\/02\/cerimonia-de-abertura-com-atletas-e-autoridades-marca-a-noite-de-quarta-feira-no-37o-seniors-internacional-de-tenis-de-porto-alegre\/#primaryimage\"},\"image\":{\"@id\":\"https:\/\/seniorsbrasil.com.br\/etapa2025\/portoalegre\/2023\/11\/02\/cerimonia-de-abertura-com-atletas-e-autoridades-marca-a-noite-de-quarta-feira-no-37o-seniors-internacional-de-tenis-de-porto-alegre\/#primaryimage\"},\"thumbnailUrl\":\"https:\/\/seniorsbrasil.com.br\/etapa2025\/portoalegre\/wp-content\/uploads\/sites\/3\/2023\/11\/abertura-oficial_800x533.jpg\",\"datePublished\":\"2023-11-02T17:34:31+00:00\",\"dateModified\":\"2023-11-03T02:18:15+00:00\",\"author\":{\"@id\":\"https:\/\/seniorsbrasil.com.br\/etapa2025\/portoalegre\/#\/schema\/person\/f5c46fa77bebc3330c4d3643c74cc6ee\"},\"breadcrumb\":{\"@id\":\"https:\/\/seniorsbrasil.com.br\/etapa2025\/portoalegre\/2023\/11\/02\/cerimonia-de-abertura-com-atletas-e-autoridades-marca-a-noite-de-quarta-feira-no-37o-seniors-internacional-de-tenis-de-porto-alegre\/#breadcrumb\"},\"inLanguage\":\"pt-BR\",\"potentialAction\":[{\"@type\":\"ReadAction\",\"target\":[\"https:\/\/seniorsbrasil.com.br\/etapa2025\/portoalegre\/2023\/11\/02\/cerimonia-de-abertura-com-atletas-e-autoridades-marca-a-noite-de-quarta-feira-no-37o-seniors-internacional-de-tenis-de-porto-alegre\/\"]}]},{\"@type\":\"ImageObject\",\"inLanguage\":\"pt-BR\",\"@id\":\"https:\/\/seniorsbrasil.com.br\/etapa2025\/portoalegre\/2023\/11\/02\/cerimonia-de-abertura-com-atletas-e-autoridades-marca-a-noite-de-quarta-feira-no-37o-seniors-internacional-de-tenis-de-porto-alegre\/#primaryimage\",\"url\":\"https:\/\/seniorsbrasil.com.br\/etapa2025\/portoalegre\/wp-content\/uploads\/sites\/3\/2023\/11\/abertura-oficial_800x533.jpg\",\"contentUrl\":\"https:\/\/seniorsbrasil.com.br\/etapa2025\/portoalegre\/wp-content\/uploads\/sites\/3\/2023\/11\/abertura-oficial_800x533.jpg\",\"width\":800,\"height\":533,\"caption\":\"Foto: Felipe Mohr\"},{\"@type\":\"BreadcrumbList\",\"@id\":\"https:\/\/seniorsbrasil.com.br\/etapa2025\/portoalegre\/2023\/11\/02\/cerimonia-de-abertura-com-atletas-e-autoridades-marca-a-noite-de-quarta-feira-no-37o-seniors-internacional-de-tenis-de-porto-alegre\/#breadcrumb\",\"itemListElement\":[{\"@type\":\"ListItem\",\"position\":1,\"name\":\"Home\",\"item\":\"https:\/\/seniorsbrasil.com.br\/etapa2025\/portoalegre\/\"},{\"@type\":\"ListItem\",\"position\":2,\"name\":\"Cerim\u00f4nia de abertura com atletas e autoridades marca a noite de quarta-feira no 37\u00ba Seniors Internacional de T\u00eanis de Porto Alegre\"}]},{\"@type\":\"WebSite\",\"@id\":\"https:\/\/seniorsbrasil.com.br\/etapa2025\/portoalegre\/#website\",\"url\":\"https:\/\/seniorsbrasil.com.br\/etapa2025\/portoalegre\/\",\"name\":\"Seniors Brasil 2025 - Porto Alegre\",\"description\":\"Circuito Seniors Brasil 2025\",\"potentialAction\":[{\"@type\":\"SearchAction\",\"target\":{\"@type\":\"EntryPoint\",\"urlTemplate\":\"https:\/\/seniorsbrasil.com.br\/etapa2025\/portoalegre\/?s={search_term_string}\"},\"query-input\":{\"@type\":\"PropertyValueSpecification\",\"valueRequired\":true,\"valueName\":\"search_term_string\"}}],\"inLanguage\":\"pt-BR\"},{\"@type\":\"Person\",\"@id\":\"https:\/\/seniorsbrasil.com.br\/etapa2025\/portoalegre\/#\/schema\/person\/f5c46fa77bebc3330c4d3643c74cc6ee\",\"name\":\"fernandes\",\"image\":{\"@type\":\"ImageObject\",\"inLanguage\":\"pt-BR\",\"@id\":\"https:\/\/seniorsbrasil.com.br\/etapa2025\/portoalegre\/#\/schema\/person\/image\/\",\"url\":\"https:\/\/secure.gravatar.com\/avatar\/824c2cb31eb74d67615631b9bf5b5355272843097f344eab09174e0ab1a18ec3?s=96&d=mm&r=g\",\"contentUrl\":\"https:\/\/secure.gravatar.com\/avatar\/824c2cb31eb74d67615631b9bf5b5355272843097f344eab09174e0ab1a18ec3?s=96&d=mm&r=g\",\"caption\":\"fernandes\"},\"url\":\"https:\/\/seniorsbrasil.com.br\/etapa2025\/portoalegre\/author\/fernandes\/\"}]}<\/script>\n<!-- \/ Yoast SEO Premium plugin. -->","yoast_head_json":{"title":"Cerim\u00f4nia de abertura com atletas e autoridades marca a noite de quarta-feira no 37\u00ba Seniors Internacional de T\u00eanis de Porto Alegre - Seniors Brasil 2025 - Porto Alegre","robots":{"index":"index","follow":"follow","max-snippet":"max-snippet:-1","max-image-preview":"max-image-preview:large","max-video-preview":"max-video-preview:-1"},"canonical":"https:\/\/seniorsbrasil.com.br\/etapa2025\/portoalegre\/2023\/11\/02\/cerimonia-de-abertura-com-atletas-e-autoridades-marca-a-noite-de-quarta-feira-no-37o-seniors-internacional-de-tenis-de-porto-alegre\/","og_locale":"pt_BR","og_type":"article","og_title":"Cerim\u00f4nia de abertura com atletas e autoridades marca a noite de quarta-feira no 37\u00ba Seniors Internacional de T\u00eanis de Porto Alegre","og_description":"Porto Alegre\/RS &#8211; A noite de quarta-feira foi especial com a tradicional cerim\u00f4nia de abertura do 37\u00ba Seniors Internacional de T\u00eanis de Porto Alegre &#8211; Copa Yone Borba Dias. O evento \u00e9 da categoria MT700 do ranking mundial da Federa\u00e7\u00e3o Internacional de T\u00eanis e conta com 200 atletas de 13 pa\u00edses na Associa\u00e7\u00e3o Leopoldina Juvenil. [&hellip;]","og_url":"https:\/\/seniorsbrasil.com.br\/etapa2025\/portoalegre\/2023\/11\/02\/cerimonia-de-abertura-com-atletas-e-autoridades-marca-a-noite-de-quarta-feira-no-37o-seniors-internacional-de-tenis-de-porto-alegre\/","og_site_name":"Seniors Brasil 2025 - Porto Alegre","article_published_time":"2023-11-02T17:34:31+00:00","article_modified_time":"2023-11-03T02:18:15+00:00","og_image":[{"width":800,"height":533,"url":"https:\/\/seniorsbrasil.com.br\/etapa2025\/portoalegre\/wp-content\/uploads\/sites\/3\/2023\/11\/abertura-oficial_800x533.jpg","type":"image\/jpeg"}],"author":"fernandes","twitter_card":"summary_large_image","twitter_misc":{"Escrito por":"fernandes","Est. tempo de leitura":"5 minutos"},"schema":{"@context":"https:\/\/schema.org","@graph":[{"@type":"WebPage","@id":"https:\/\/seniorsbrasil.com.br\/etapa2025\/portoalegre\/2023\/11\/02\/cerimonia-de-abertura-com-atletas-e-autoridades-marca-a-noite-de-quarta-feira-no-37o-seniors-internacional-de-tenis-de-porto-alegre\/","url":"https:\/\/seniorsbrasil.com.br\/etapa2025\/portoalegre\/2023\/11\/02\/cerimonia-de-abertura-com-atletas-e-autoridades-marca-a-noite-de-quarta-feira-no-37o-seniors-internacional-de-tenis-de-porto-alegre\/","name":"Cerim\u00f4nia de abertura com atletas e autoridades marca a noite de quarta-feira no 37\u00ba Seniors Internacional de T\u00eanis de Porto Alegre - Seniors Brasil 2025 - Porto Alegre","isPartOf":{"@id":"https:\/\/seniorsbrasil.com.br\/etapa2025\/portoalegre\/#website"},"primaryImageOfPage":{"@id":"https:\/\/seniorsbrasil.com.br\/etapa2025\/portoalegre\/2023\/11\/02\/cerimonia-de-abertura-com-atletas-e-autoridades-marca-a-noite-de-quarta-feira-no-37o-seniors-internacional-de-tenis-de-porto-alegre\/#primaryimage"},"image":{"@id":"https:\/\/seniorsbrasil.com.br\/etapa2025\/portoalegre\/2023\/11\/02\/cerimonia-de-abertura-com-atletas-e-autoridades-marca-a-noite-de-quarta-feira-no-37o-seniors-internacional-de-tenis-de-porto-alegre\/#primaryimage"},"thumbnailUrl":"https:\/\/seniorsbrasil.com.br\/etapa2025\/portoalegre\/wp-content\/uploads\/sites\/3\/2023\/11\/abertura-oficial_800x533.jpg","datePublished":"2023-11-02T17:34:31+00:00","dateModified":"2023-11-03T02:18:15+00:00","author":{"@id":"https:\/\/seniorsbrasil.com.br\/etapa2025\/portoalegre\/#\/schema\/person\/f5c46fa77bebc3330c4d3643c74cc6ee"},"breadcrumb":{"@id":"https:\/\/seniorsbrasil.com.br\/etapa2025\/portoalegre\/2023\/11\/02\/cerimonia-de-abertura-com-atletas-e-autoridades-marca-a-noite-de-quarta-feira-no-37o-seniors-internacional-de-tenis-de-porto-alegre\/#breadcrumb"},"inLanguage":"pt-BR","potentialAction":[{"@type":"ReadAction","target":["https:\/\/seniorsbrasil.com.br\/etapa2025\/portoalegre\/2023\/11\/02\/cerimonia-de-abertura-com-atletas-e-autoridades-marca-a-noite-de-quarta-feira-no-37o-seniors-internacional-de-tenis-de-porto-alegre\/"]}]},{"@type":"ImageObject","inLanguage":"pt-BR","@id":"https:\/\/seniorsbrasil.com.br\/etapa2025\/portoalegre\/2023\/11\/02\/cerimonia-de-abertura-com-atletas-e-autoridades-marca-a-noite-de-quarta-feira-no-37o-seniors-internacional-de-tenis-de-porto-alegre\/#primaryimage","url":"https:\/\/seniorsbrasil.com.br\/etapa2025\/portoalegre\/wp-content\/uploads\/sites\/3\/2023\/11\/abertura-oficial_800x533.jpg","contentUrl":"https:\/\/seniorsbrasil.com.br\/etapa2025\/portoalegre\/wp-content\/uploads\/sites\/3\/2023\/11\/abertura-oficial_800x533.jpg","width":800,"height":533,"caption":"Foto: Felipe Mohr"},{"@type":"BreadcrumbList","@id":"https:\/\/seniorsbrasil.com.br\/etapa2025\/portoalegre\/2023\/11\/02\/cerimonia-de-abertura-com-atletas-e-autoridades-marca-a-noite-de-quarta-feira-no-37o-seniors-internacional-de-tenis-de-porto-alegre\/#breadcrumb","itemListElement":[{"@type":"ListItem","position":1,"name":"Home","item":"https:\/\/seniorsbrasil.com.br\/etapa2025\/portoalegre\/"},{"@type":"ListItem","position":2,"name":"Cerim\u00f4nia de abertura com atletas e autoridades marca a noite de quarta-feira no 37\u00ba Seniors Internacional de T\u00eanis de Porto Alegre"}]},{"@type":"WebSite","@id":"https:\/\/seniorsbrasil.com.br\/etapa2025\/portoalegre\/#website","url":"https:\/\/seniorsbrasil.com.br\/etapa2025\/portoalegre\/","name":"Seniors Brasil 2025 - Porto Alegre","description":"Circuito Seniors Brasil 2025","potentialAction":[{"@type":"SearchAction","target":{"@type":"EntryPoint","urlTemplate":"https:\/\/seniorsbrasil.com.br\/etapa2025\/portoalegre\/?s={search_term_string}"},"query-input":{"@type":"PropertyValueSpecification","valueRequired":true,"valueName":"search_term_string"}}],"inLanguage":"pt-BR"},{"@type":"Person","@id":"https:\/\/seniorsbrasil.com.br\/etapa2025\/portoalegre\/#\/schema\/person\/f5c46fa77bebc3330c4d3643c74cc6ee","name":"fernandes","image":{"@type":"ImageObject","inLanguage":"pt-BR","@id":"https:\/\/seniorsbrasil.com.br\/etapa2025\/portoalegre\/#\/schema\/person\/image\/","url":"https:\/\/secure.gravatar.com\/avatar\/824c2cb31eb74d67615631b9bf5b5355272843097f344eab09174e0ab1a18ec3?s=96&d=mm&r=g","contentUrl":"https:\/\/secure.gravatar.com\/avatar\/824c2cb31eb74d67615631b9bf5b5355272843097f344eab09174e0ab1a18ec3?s=96&d=mm&r=g","caption":"fernandes"},"url":"https:\/\/seniorsbrasil.com.br\/etapa2025\/portoalegre\/author\/fernandes\/"}]}},"_links":{"self":[{"href":"https:\/\/seniorsbrasil.com.br\/etapa2025\/portoalegre\/wp-json\/wp\/v2\/posts\/12919","targetHints":{"allow":["GET"]}}],"collection":[{"href":"https:\/\/seniorsbrasil.com.br\/etapa2025\/portoalegre\/wp-json\/wp\/v2\/posts"}],"about":[{"href":"https:\/\/seniorsbrasil.com.br\/etapa2025\/portoalegre\/wp-json\/wp\/v2\/types\/post"}],"author":[{"embeddable":true,"href":"https:\/\/seniorsbrasil.com.br\/etapa2025\/portoalegre\/wp-json\/wp\/v2\/users\/2"}],"replies":[{"embeddable":true,"href":"https:\/\/seniorsbrasil.com.br\/etapa2025\/portoalegre\/wp-json\/wp\/v2\/comments?post=12919"}],"version-history":[{"count":1,"href":"https:\/\/seniorsbrasil.com.br\/etapa2025\/portoalegre\/wp-json\/wp\/v2\/posts\/12919\/revisions"}],"predecessor-version":[{"id":12925,"href":"https:\/\/seniorsbrasil.com.br\/etapa2025\/portoalegre\/wp-json\/wp\/v2\/posts\/12919\/revisions\/12925"}],"wp:featuredmedia":[{"embeddable":true,"href":"https:\/\/seniorsbrasil.com.br\/etapa2025\/portoalegre\/wp-json\/wp\/v2\/media\/12923"}],"wp:attachment":[{"href":"https:\/\/seniorsbrasil.com.br\/etapa2025\/portoalegre\/wp-json\/wp\/v2\/media?parent=12919"}],"wp:term":[{"taxonomy":"category","embeddable":true,"href":"https:\/\/seniorsbrasil.com.br\/etapa2025\/portoalegre\/wp-json\/wp\/v2\/categories?post=12919"},{"taxonomy":"post_tag","embeddable":true,"href":"https:\/\/seniorsbrasil.com.br\/etapa2025\/portoalegre\/wp-json\/wp\/v2\/tags?post=12919"}],"curies":[{"name":"wp","href":"https:\/\/api.w.org\/{rel}","templated":true}]}}