{"id":13001,"date":"2024-04-24T11:56:44","date_gmt":"2024-04-24T14:56:44","guid":{"rendered":"https:\/\/seniorsbrasil.com.br\/etapa2025\/portoalegre\/?p=13001"},"modified":"2024-04-24T13:12:16","modified_gmt":"2024-04-24T16:12:16","slug":"38o-seniors-internacional-de-tenis-de-porto-alegre-e-confirmado-para-novembro-e-abre-inscricoes","status":"publish","type":"post","link":"https:\/\/seniorsbrasil.com.br\/etapa2025\/portoalegre\/2024\/04\/24\/38o-seniors-internacional-de-tenis-de-porto-alegre-e-confirmado-para-novembro-e-abre-inscricoes\/","title":{"rendered":"38\u00ba Seniors Internacional de T\u00eanis de Porto Alegre \u00e9 confirmado para novembro e abre inscri\u00e7\u00f5es"},"content":{"rendered":"<p><strong>Porto Alegre\/RS<\/strong><em> &#8211; <\/em>Est\u00e1 confirmada a 38\u00aa edi\u00e7\u00e3o do <strong>Seniors Internacional de T\u00eanis de Porto Alegre<\/strong> &#8211; <strong>Copa Yone Borba Dias<\/strong>. O evento \u00e9 o mais tradicional evento Masters do pa\u00eds e da categoria <strong>MT 700<\/strong>, um dos maiores do mundo.<\/p>\n<p>A competi\u00e7\u00e3o ser\u00e1 realizada entre os dias 4 at\u00e9 9 de novembro na <strong>Associa\u00e7\u00e3o Leopoldina Juvenil<\/strong>, um dos mais tradicionais e seletos clubes brasileiros que j\u00e1 recebeu duelos importantes da Copa Davis. Em 2023 foram cerca de duzentos atletas de 13 pa\u00edses com campe\u00f5es de seis pa\u00edses diferentes e presen\u00e7as de l\u00edderes do ranking.<\/p>\n<p>As inscri\u00e7\u00f5es custam R$ 400 (inscri\u00e7\u00e3o em simples e individual para atuar em dupla) e R$ 200 (individual que s\u00f3 jogue dupla) com US$ 20 para categoria de dupla mista. As mesmas j\u00e1 est\u00e3o abertas no site da Federa\u00e7\u00e3o Internacional de T\u00eanis: <em>&#8220;Estamos muito empolgados em realizar mais uma edi\u00e7\u00e3o do mais tradicional evento do pa\u00eds. Vamos buscar receber os melhores do mundo novamente e superar os 200 atletas&#8221;<\/em>, destacou <strong>Ennio Moreira<\/strong>, diretor do evento e da <strong>Pr\u00f3-T\u00eanis Promo\u00e7\u00f5es Esportivas<\/strong>.<\/p>\n<p>A 38\u00aa edi\u00e7\u00e3o do Seniors Internacional de T\u00eanis de Porto Alegre &#8211; Copa Yone Borba Dias \u00e9 uma realiza\u00e7\u00e3o da Pr\u00f3-T\u00eanis Promo\u00e7\u00f5es Esportivas e tem a chancela da Federa\u00e7\u00e3o Internacional de T\u00eanis<\/p>\n","protected":false},"excerpt":{"rendered":"<p>Porto Alegre\/RS &#8211; Est\u00e1 confirmada a 38\u00aa edi\u00e7\u00e3o do Seniors Internacional de T\u00eanis de Porto Alegre &#8211; Copa Yone Borba Dias. O evento \u00e9 o mais tradicional evento Masters do pa\u00eds e da categoria MT 700, um dos maiores do mundo. A competi\u00e7\u00e3o ser\u00e1 realizada entre os dias 4 at\u00e9 9 de novembro na Associa\u00e7\u00e3o [&hellip;]<\/p>\n","protected":false},"author":2,"featured_media":13003,"comment_status":"open","ping_status":"open","sticky":false,"template":"","format":"standard","meta":{"ngg_post_thumbnail":0,"footnotes":""},"categories":[2],"tags":[13,20,47,52],"class_list":["post-13001","post","type-post","status-publish","format-standard","has-post-thumbnail","hentry","category-noticias","tag-alj","tag-copa-yone-borba-dias","tag-protenis","tag-seniors-brasil"],"yoast_head":"<!-- This site is optimized with the Yoast SEO Premium plugin v20.6 (Yoast SEO v25.8) - https:\/\/yoast.com\/wordpress\/plugins\/seo\/ -->\n<title>38\u00ba Seniors Internacional de T\u00eanis de Porto Alegre \u00e9 confirmado para novembro e abre inscri\u00e7\u00f5es - Seniors Brasil 2025 - Porto Alegre<\/title>\n<meta name=\"robots\" content=\"index, follow, max-snippet:-1, max-image-preview:large, max-video-preview:-1\" \/>\n<link rel=\"canonical\" href=\"https:\/\/seniorsbrasil.com.br\/etapa2025\/portoalegre\/2024\/04\/24\/38o-seniors-internacional-de-tenis-de-porto-alegre-e-confirmado-para-novembro-e-abre-inscricoes\/\" \/>\n<meta property=\"og:locale\" content=\"pt_BR\" \/>\n<meta property=\"og:type\" content=\"article\" \/>\n<meta property=\"og:title\" content=\"38\u00ba Seniors Internacional de T\u00eanis de Porto Alegre \u00e9 confirmado para novembro e abre inscri\u00e7\u00f5es\" \/>\n<meta property=\"og:description\" content=\"Porto Alegre\/RS &#8211; Est\u00e1 confirmada a 38\u00aa edi\u00e7\u00e3o do Seniors Internacional de T\u00eanis de Porto Alegre &#8211; Copa Yone Borba Dias. O evento \u00e9 o mais tradicional evento Masters do pa\u00eds e da categoria MT 700, um dos maiores do mundo. A competi\u00e7\u00e3o ser\u00e1 realizada entre os dias 4 at\u00e9 9 de novembro na Associa\u00e7\u00e3o [&hellip;]\" \/>\n<meta property=\"og:url\" content=\"https:\/\/seniorsbrasil.com.br\/etapa2025\/portoalegre\/2024\/04\/24\/38o-seniors-internacional-de-tenis-de-porto-alegre-e-confirmado-para-novembro-e-abre-inscricoes\/\" \/>\n<meta property=\"og:site_name\" content=\"Seniors Brasil 2025 - Porto Alegre\" \/>\n<meta property=\"article:published_time\" content=\"2024-04-24T14:56:44+00:00\" \/>\n<meta property=\"article:modified_time\" content=\"2024-04-24T16:12:16+00:00\" \/>\n<meta property=\"og:image\" content=\"https:\/\/seniorsbrasil.com.br\/etapa2025\/portoalegre\/wp-content\/uploads\/sites\/3\/2024\/04\/Ricardo-Jean-Tomb-BRA.jpg\" \/>\n\t<meta property=\"og:image:width\" content=\"1920\" \/>\n\t<meta property=\"og:image:height\" content=\"1280\" \/>\n\t<meta property=\"og:image:type\" content=\"image\/jpeg\" \/>\n<meta name=\"author\" content=\"fernandes\" \/>\n<meta name=\"twitter:card\" content=\"summary_large_image\" \/>\n<meta name=\"twitter:label1\" content=\"Escrito por\" \/>\n\t<meta name=\"twitter:data1\" content=\"fernandes\" \/>\n\t<meta name=\"twitter:label2\" content=\"Est. tempo de leitura\" \/>\n\t<meta name=\"twitter:data2\" content=\"2 minutos\" \/>\n<script type=\"application\/ld+json\" class=\"yoast-schema-graph\">{\"@context\":\"https:\/\/schema.org\",\"@graph\":[{\"@type\":\"WebPage\",\"@id\":\"https:\/\/seniorsbrasil.com.br\/etapa2025\/portoalegre\/2024\/04\/24\/38o-seniors-internacional-de-tenis-de-porto-alegre-e-confirmado-para-novembro-e-abre-inscricoes\/\",\"url\":\"https:\/\/seniorsbrasil.com.br\/etapa2025\/portoalegre\/2024\/04\/24\/38o-seniors-internacional-de-tenis-de-porto-alegre-e-confirmado-para-novembro-e-abre-inscricoes\/\",\"name\":\"38\u00ba Seniors Internacional de T\u00eanis de Porto Alegre \u00e9 confirmado para novembro e abre inscri\u00e7\u00f5es - Seniors Brasil 2025 - Porto Alegre\",\"isPartOf\":{\"@id\":\"https:\/\/seniorsbrasil.com.br\/etapa2025\/portoalegre\/#website\"},\"primaryImageOfPage\":{\"@id\":\"https:\/\/seniorsbrasil.com.br\/etapa2025\/portoalegre\/2024\/04\/24\/38o-seniors-internacional-de-tenis-de-porto-alegre-e-confirmado-para-novembro-e-abre-inscricoes\/#primaryimage\"},\"image\":{\"@id\":\"https:\/\/seniorsbrasil.com.br\/etapa2025\/portoalegre\/2024\/04\/24\/38o-seniors-internacional-de-tenis-de-porto-alegre-e-confirmado-para-novembro-e-abre-inscricoes\/#primaryimage\"},\"thumbnailUrl\":\"https:\/\/seniorsbrasil.com.br\/etapa2025\/portoalegre\/wp-content\/uploads\/sites\/3\/2024\/04\/Ricardo-Jean-Tomb-BRA.jpg\",\"datePublished\":\"2024-04-24T14:56:44+00:00\",\"dateModified\":\"2024-04-24T16:12:16+00:00\",\"author\":{\"@id\":\"https:\/\/seniorsbrasil.com.br\/etapa2025\/portoalegre\/#\/schema\/person\/f5c46fa77bebc3330c4d3643c74cc6ee\"},\"breadcrumb\":{\"@id\":\"https:\/\/seniorsbrasil.com.br\/etapa2025\/portoalegre\/2024\/04\/24\/38o-seniors-internacional-de-tenis-de-porto-alegre-e-confirmado-para-novembro-e-abre-inscricoes\/#breadcrumb\"},\"inLanguage\":\"pt-BR\",\"potentialAction\":[{\"@type\":\"ReadAction\",\"target\":[\"https:\/\/seniorsbrasil.com.br\/etapa2025\/portoalegre\/2024\/04\/24\/38o-seniors-internacional-de-tenis-de-porto-alegre-e-confirmado-para-novembro-e-abre-inscricoes\/\"]}]},{\"@type\":\"ImageObject\",\"inLanguage\":\"pt-BR\",\"@id\":\"https:\/\/seniorsbrasil.com.br\/etapa2025\/portoalegre\/2024\/04\/24\/38o-seniors-internacional-de-tenis-de-porto-alegre-e-confirmado-para-novembro-e-abre-inscricoes\/#primaryimage\",\"url\":\"https:\/\/seniorsbrasil.com.br\/etapa2025\/portoalegre\/wp-content\/uploads\/sites\/3\/2024\/04\/Ricardo-Jean-Tomb-BRA.jpg\",\"contentUrl\":\"https:\/\/seniorsbrasil.com.br\/etapa2025\/portoalegre\/wp-content\/uploads\/sites\/3\/2024\/04\/Ricardo-Jean-Tomb-BRA.jpg\",\"width\":1920,\"height\":1280,\"caption\":\"Foto: Felipe Mohr\"},{\"@type\":\"BreadcrumbList\",\"@id\":\"https:\/\/seniorsbrasil.com.br\/etapa2025\/portoalegre\/2024\/04\/24\/38o-seniors-internacional-de-tenis-de-porto-alegre-e-confirmado-para-novembro-e-abre-inscricoes\/#breadcrumb\",\"itemListElement\":[{\"@type\":\"ListItem\",\"position\":1,\"name\":\"Home\",\"item\":\"https:\/\/seniorsbrasil.com.br\/etapa2025\/portoalegre\/\"},{\"@type\":\"ListItem\",\"position\":2,\"name\":\"38\u00ba Seniors Internacional de T\u00eanis de Porto Alegre \u00e9 confirmado para novembro e abre inscri\u00e7\u00f5es\"}]},{\"@type\":\"WebSite\",\"@id\":\"https:\/\/seniorsbrasil.com.br\/etapa2025\/portoalegre\/#website\",\"url\":\"https:\/\/seniorsbrasil.com.br\/etapa2025\/portoalegre\/\",\"name\":\"Seniors Brasil 2025 - Porto Alegre\",\"description\":\"Circuito Seniors Brasil 2025\",\"potentialAction\":[{\"@type\":\"SearchAction\",\"target\":{\"@type\":\"EntryPoint\",\"urlTemplate\":\"https:\/\/seniorsbrasil.com.br\/etapa2025\/portoalegre\/?s={search_term_string}\"},\"query-input\":{\"@type\":\"PropertyValueSpecification\",\"valueRequired\":true,\"valueName\":\"search_term_string\"}}],\"inLanguage\":\"pt-BR\"},{\"@type\":\"Person\",\"@id\":\"https:\/\/seniorsbrasil.com.br\/etapa2025\/portoalegre\/#\/schema\/person\/f5c46fa77bebc3330c4d3643c74cc6ee\",\"name\":\"fernandes\",\"image\":{\"@type\":\"ImageObject\",\"inLanguage\":\"pt-BR\",\"@id\":\"https:\/\/seniorsbrasil.com.br\/etapa2025\/portoalegre\/#\/schema\/person\/image\/\",\"url\":\"https:\/\/secure.gravatar.com\/avatar\/824c2cb31eb74d67615631b9bf5b5355272843097f344eab09174e0ab1a18ec3?s=96&d=mm&r=g\",\"contentUrl\":\"https:\/\/secure.gravatar.com\/avatar\/824c2cb31eb74d67615631b9bf5b5355272843097f344eab09174e0ab1a18ec3?s=96&d=mm&r=g\",\"caption\":\"fernandes\"},\"url\":\"https:\/\/seniorsbrasil.com.br\/etapa2025\/portoalegre\/author\/fernandes\/\"}]}<\/script>\n<!-- \/ Yoast SEO Premium plugin. -->","yoast_head_json":{"title":"38\u00ba Seniors Internacional de T\u00eanis de Porto Alegre \u00e9 confirmado para novembro e abre inscri\u00e7\u00f5es - Seniors Brasil 2025 - Porto Alegre","robots":{"index":"index","follow":"follow","max-snippet":"max-snippet:-1","max-image-preview":"max-image-preview:large","max-video-preview":"max-video-preview:-1"},"canonical":"https:\/\/seniorsbrasil.com.br\/etapa2025\/portoalegre\/2024\/04\/24\/38o-seniors-internacional-de-tenis-de-porto-alegre-e-confirmado-para-novembro-e-abre-inscricoes\/","og_locale":"pt_BR","og_type":"article","og_title":"38\u00ba Seniors Internacional de T\u00eanis de Porto Alegre \u00e9 confirmado para novembro e abre inscri\u00e7\u00f5es","og_description":"Porto Alegre\/RS &#8211; Est\u00e1 confirmada a 38\u00aa edi\u00e7\u00e3o do Seniors Internacional de T\u00eanis de Porto Alegre &#8211; Copa Yone Borba Dias. O evento \u00e9 o mais tradicional evento Masters do pa\u00eds e da categoria MT 700, um dos maiores do mundo. A competi\u00e7\u00e3o ser\u00e1 realizada entre os dias 4 at\u00e9 9 de novembro na Associa\u00e7\u00e3o [&hellip;]","og_url":"https:\/\/seniorsbrasil.com.br\/etapa2025\/portoalegre\/2024\/04\/24\/38o-seniors-internacional-de-tenis-de-porto-alegre-e-confirmado-para-novembro-e-abre-inscricoes\/","og_site_name":"Seniors Brasil 2025 - Porto Alegre","article_published_time":"2024-04-24T14:56:44+00:00","article_modified_time":"2024-04-24T16:12:16+00:00","og_image":[{"width":1920,"height":1280,"url":"https:\/\/seniorsbrasil.com.br\/etapa2025\/portoalegre\/wp-content\/uploads\/sites\/3\/2024\/04\/Ricardo-Jean-Tomb-BRA.jpg","type":"image\/jpeg"}],"author":"fernandes","twitter_card":"summary_large_image","twitter_misc":{"Escrito por":"fernandes","Est. tempo de leitura":"2 minutos"},"schema":{"@context":"https:\/\/schema.org","@graph":[{"@type":"WebPage","@id":"https:\/\/seniorsbrasil.com.br\/etapa2025\/portoalegre\/2024\/04\/24\/38o-seniors-internacional-de-tenis-de-porto-alegre-e-confirmado-para-novembro-e-abre-inscricoes\/","url":"https:\/\/seniorsbrasil.com.br\/etapa2025\/portoalegre\/2024\/04\/24\/38o-seniors-internacional-de-tenis-de-porto-alegre-e-confirmado-para-novembro-e-abre-inscricoes\/","name":"38\u00ba Seniors Internacional de T\u00eanis de Porto Alegre \u00e9 confirmado para novembro e abre inscri\u00e7\u00f5es - Seniors Brasil 2025 - Porto Alegre","isPartOf":{"@id":"https:\/\/seniorsbrasil.com.br\/etapa2025\/portoalegre\/#website"},"primaryImageOfPage":{"@id":"https:\/\/seniorsbrasil.com.br\/etapa2025\/portoalegre\/2024\/04\/24\/38o-seniors-internacional-de-tenis-de-porto-alegre-e-confirmado-para-novembro-e-abre-inscricoes\/#primaryimage"},"image":{"@id":"https:\/\/seniorsbrasil.com.br\/etapa2025\/portoalegre\/2024\/04\/24\/38o-seniors-internacional-de-tenis-de-porto-alegre-e-confirmado-para-novembro-e-abre-inscricoes\/#primaryimage"},"thumbnailUrl":"https:\/\/seniorsbrasil.com.br\/etapa2025\/portoalegre\/wp-content\/uploads\/sites\/3\/2024\/04\/Ricardo-Jean-Tomb-BRA.jpg","datePublished":"2024-04-24T14:56:44+00:00","dateModified":"2024-04-24T16:12:16+00:00","author":{"@id":"https:\/\/seniorsbrasil.com.br\/etapa2025\/portoalegre\/#\/schema\/person\/f5c46fa77bebc3330c4d3643c74cc6ee"},"breadcrumb":{"@id":"https:\/\/seniorsbrasil.com.br\/etapa2025\/portoalegre\/2024\/04\/24\/38o-seniors-internacional-de-tenis-de-porto-alegre-e-confirmado-para-novembro-e-abre-inscricoes\/#breadcrumb"},"inLanguage":"pt-BR","potentialAction":[{"@type":"ReadAction","target":["https:\/\/seniorsbrasil.com.br\/etapa2025\/portoalegre\/2024\/04\/24\/38o-seniors-internacional-de-tenis-de-porto-alegre-e-confirmado-para-novembro-e-abre-inscricoes\/"]}]},{"@type":"ImageObject","inLanguage":"pt-BR","@id":"https:\/\/seniorsbrasil.com.br\/etapa2025\/portoalegre\/2024\/04\/24\/38o-seniors-internacional-de-tenis-de-porto-alegre-e-confirmado-para-novembro-e-abre-inscricoes\/#primaryimage","url":"https:\/\/seniorsbrasil.com.br\/etapa2025\/portoalegre\/wp-content\/uploads\/sites\/3\/2024\/04\/Ricardo-Jean-Tomb-BRA.jpg","contentUrl":"https:\/\/seniorsbrasil.com.br\/etapa2025\/portoalegre\/wp-content\/uploads\/sites\/3\/2024\/04\/Ricardo-Jean-Tomb-BRA.jpg","width":1920,"height":1280,"caption":"Foto: Felipe Mohr"},{"@type":"BreadcrumbList","@id":"https:\/\/seniorsbrasil.com.br\/etapa2025\/portoalegre\/2024\/04\/24\/38o-seniors-internacional-de-tenis-de-porto-alegre-e-confirmado-para-novembro-e-abre-inscricoes\/#breadcrumb","itemListElement":[{"@type":"ListItem","position":1,"name":"Home","item":"https:\/\/seniorsbrasil.com.br\/etapa2025\/portoalegre\/"},{"@type":"ListItem","position":2,"name":"38\u00ba Seniors Internacional de T\u00eanis de Porto Alegre \u00e9 confirmado para novembro e abre inscri\u00e7\u00f5es"}]},{"@type":"WebSite","@id":"https:\/\/seniorsbrasil.com.br\/etapa2025\/portoalegre\/#website","url":"https:\/\/seniorsbrasil.com.br\/etapa2025\/portoalegre\/","name":"Seniors Brasil 2025 - Porto Alegre","description":"Circuito Seniors Brasil 2025","potentialAction":[{"@type":"SearchAction","target":{"@type":"EntryPoint","urlTemplate":"https:\/\/seniorsbrasil.com.br\/etapa2025\/portoalegre\/?s={search_term_string}"},"query-input":{"@type":"PropertyValueSpecification","valueRequired":true,"valueName":"search_term_string"}}],"inLanguage":"pt-BR"},{"@type":"Person","@id":"https:\/\/seniorsbrasil.com.br\/etapa2025\/portoalegre\/#\/schema\/person\/f5c46fa77bebc3330c4d3643c74cc6ee","name":"fernandes","image":{"@type":"ImageObject","inLanguage":"pt-BR","@id":"https:\/\/seniorsbrasil.com.br\/etapa2025\/portoalegre\/#\/schema\/person\/image\/","url":"https:\/\/secure.gravatar.com\/avatar\/824c2cb31eb74d67615631b9bf5b5355272843097f344eab09174e0ab1a18ec3?s=96&d=mm&r=g","contentUrl":"https:\/\/secure.gravatar.com\/avatar\/824c2cb31eb74d67615631b9bf5b5355272843097f344eab09174e0ab1a18ec3?s=96&d=mm&r=g","caption":"fernandes"},"url":"https:\/\/seniorsbrasil.com.br\/etapa2025\/portoalegre\/author\/fernandes\/"}]}},"_links":{"self":[{"href":"https:\/\/seniorsbrasil.com.br\/etapa2025\/portoalegre\/wp-json\/wp\/v2\/posts\/13001","targetHints":{"allow":["GET"]}}],"collection":[{"href":"https:\/\/seniorsbrasil.com.br\/etapa2025\/portoalegre\/wp-json\/wp\/v2\/posts"}],"about":[{"href":"https:\/\/seniorsbrasil.com.br\/etapa2025\/portoalegre\/wp-json\/wp\/v2\/types\/post"}],"author":[{"embeddable":true,"href":"https:\/\/seniorsbrasil.com.br\/etapa2025\/portoalegre\/wp-json\/wp\/v2\/users\/2"}],"replies":[{"embeddable":true,"href":"https:\/\/seniorsbrasil.com.br\/etapa2025\/portoalegre\/wp-json\/wp\/v2\/comments?post=13001"}],"version-history":[{"count":1,"href":"https:\/\/seniorsbrasil.com.br\/etapa2025\/portoalegre\/wp-json\/wp\/v2\/posts\/13001\/revisions"}],"predecessor-version":[{"id":13004,"href":"https:\/\/seniorsbrasil.com.br\/etapa2025\/portoalegre\/wp-json\/wp\/v2\/posts\/13001\/revisions\/13004"}],"wp:featuredmedia":[{"embeddable":true,"href":"https:\/\/seniorsbrasil.com.br\/etapa2025\/portoalegre\/wp-json\/wp\/v2\/media\/13003"}],"wp:attachment":[{"href":"https:\/\/seniorsbrasil.com.br\/etapa2025\/portoalegre\/wp-json\/wp\/v2\/media?parent=13001"}],"wp:term":[{"taxonomy":"category","embeddable":true,"href":"https:\/\/seniorsbrasil.com.br\/etapa2025\/portoalegre\/wp-json\/wp\/v2\/categories?post=13001"},{"taxonomy":"post_tag","embeddable":true,"href":"https:\/\/seniorsbrasil.com.br\/etapa2025\/portoalegre\/wp-json\/wp\/v2\/tags?post=13001"}],"curies":[{"name":"wp","href":"https:\/\/api.w.org\/{rel}","templated":true}]}}